{"id":3639,"date":"2012-11-19T10:35:58","date_gmt":"2012-11-19T10:35:58","guid":{"rendered":"http:\/\/konsultacje.czestochowa.pl\/?p=3639"},"modified":"2012-11-19T10:35:58","modified_gmt":"2012-11-19T10:35:58","slug":"klotnia-na-wykladzie-pora-na-mediatora","status":"publish","type":"post","link":"http:\/\/konsultacje-old.czestochowa.pl\/index.php\/2012\/11\/19\/klotnia-na-wykladzie-pora-na-mediatora\/","title":{"rendered":"K\u0142\u00f3tnia na wyk\u0142adzie &#8211; \u201ePora na mediatora\u201d"},"content":{"rendered":"<p>Dlaczego si\u0119 k\u0142\u00f3cimy, czy konflikt\u00f3w mo\u017cna unikn\u0105\u0107, dlaczego w mediacji uczucia ludzi i ich widzenie ugody s\u0105 najwa\u017cniejsze?\u00a0 O w\u015bciek\u0142o\u015bci, porozumieniu bez przemocy i pot\u0119dze wybaczania&#8230; \u2013 na wyk\u0142ad zaprasza Fundacja Dialogos. <img decoding=\"async\" title=\"Wi\u0119cej...\" src=\"http:\/\/konsultacje.czestochowa.pl\/ngo\/wp-includes\/js\/tinymce\/plugins\/wordpress\/img\/trans.gif\" alt=\"\" \/><\/p>\n<p><!--more--><\/p>\n<div><\/div>\n<div>Chocia\u017c min\u0105\u0142 ju\u017c Mi\u0119dzynarodowy Dzie\u0144 Mediacji obchodzony 18 pa\u017adziernika, <strong>nadal trwa projekt \u201ePora na mediatora\u201d<\/strong> przygotowany przez Fundacj\u0119 Dialogos\u00a0 przy wsparciu Urz\u0119du Miasta.<\/div>\n<div><\/div>\n<div>Po dwudniowych warsztatach dla m\u0142odzie\u017cy, turze darmowych mediacji dla mieszka\u0144c\u00f3w (wci\u0105\u017c trwaj\u0105), przysz\u0142a pora na wyk\u0142ad w auli Zarz\u0105dzania Politechniki Cz\u0119stochowskiej. Dzi\u0119ki \u017cyczliwo\u015bci i go\u015bcinno\u015bci gospodarzy spotkania &#8211; Uniwersytetu Trzeciego Wieku i w\u0142adz uczelni &#8211; wyk\u0142ad planowany pocz\u0105tkowo jako zamkni\u0119te spotkanie, b\u0119dzie otwarty dla wszystkich ch\u0119tnych. \u015aciany boczne tej nowoczesnej auli zostan\u0105 podniesione i sala zdo\u0142a pomie\u015bci\u0107 nawet p\u00f3\u0142 tysi\u0105ca os\u00f3b.<\/div>\n<div><\/div>\n<div>&#8211; Opowiem o mechanizmach konfliktu, naszych postawach wobec niego, w\u015bciek\u0142o\u015bci i wybaczaniu, a tak\u017ce o roli mediatora w osi\u0105ganiu porozumienia \u2013 zapowiada Barbara Chybalska-Cicho\u0144, trener komunikacji i mediator z Fundacji Dialogos.<\/div>\n<div><\/div>\n<div>To tak\u017ce spotkanie pokole\u0144, gdy\u017c specjalnymi go\u015b\u0107mi wyk\u0142adu b\u0119dzie m\u0142odzie\u017c, kt\u00f3ra wcze\u015bniej uczestniczy\u0142a w warsztatach mediacji.<\/div>\n<div><\/div>\n<div><strong>Wyk\u0142ad zaplanowany jest na 22 listopada na godzin\u0119 16.30.<\/strong><\/div>\n","protected":false},"excerpt":{"rendered":"<p>Dlaczego si\u0119 k\u0142\u00f3cimy, czy konflikt\u00f3w mo\u017cna unikn\u0105\u0107, dlaczego w mediacji uczucia ludzi i ich widzenie ugody s\u0105 najwa\u017cniejsze?\u00a0 O w\u015bciek\u0142o\u015bci, porozumieniu bez przemocy i pot\u0119dze wybaczania&#8230; \u2013 na wyk\u0142ad zaprasza Fundacja Dialogos.<\/p>\n","protected":false},"author":1,"featured_media":0,"comment_status":"open","ping_status":"open","sticky":false,"template":"","format":"standard","meta":{"_acf_changed":false,"footnotes":""},"categories":[3],"tags":[],"class_list":["post-3639","post","type-post","status-publish","format-standard","hentry","category-planowane-konsultacje"],"acf":[],"_links":{"self":[{"href":"http:\/\/konsultacje-old.czestochowa.pl\/index.php\/wp-json\/wp\/v2\/posts\/3639","targetHints":{"allow":["GET"]}}],"collection":[{"href":"http:\/\/konsultacje-old.czestochowa.pl\/index.php\/wp-json\/wp\/v2\/posts"}],"about":[{"href":"http:\/\/konsultacje-old.czestochowa.pl\/index.php\/wp-json\/wp\/v2\/types\/post"}],"author":[{"embeddable":true,"href":"http:\/\/konsultacje-old.czestochowa.pl\/index.php\/wp-json\/wp\/v2\/users\/1"}],"replies":[{"embeddable":true,"href":"http:\/\/konsultacje-old.czestochowa.pl\/index.php\/wp-json\/wp\/v2\/comments?post=3639"}],"version-history":[{"count":0,"href":"http:\/\/konsultacje-old.czestochowa.pl\/index.php\/wp-json\/wp\/v2\/posts\/3639\/revisions"}],"wp:attachment":[{"href":"http:\/\/konsultacje-old.czestochowa.pl\/index.php\/wp-json\/wp\/v2\/media?parent=3639"}],"wp:term":[{"taxonomy":"category","embeddable":true,"href":"http:\/\/konsultacje-old.czestochowa.pl\/index.php\/wp-json\/wp\/v2\/categories?post=3639"},{"taxonomy":"post_tag","embeddable":true,"href":"http:\/\/konsultacje-old.czestochowa.pl\/index.php\/wp-json\/wp\/v2\/tags?post=3639"}],"curies":[{"name":"wp","href":"https:\/\/api.w.org\/{rel}","templated":true}]}}